{"id":8235,"date":"2023-03-12T14:38:56","date_gmt":"2023-03-12T12:38:56","guid":{"rendered":"https:\/\/ifbb-academy.com\/?p=8235"},"modified":"2023-03-12T14:42:02","modified_gmt":"2023-03-12T12:42:02","slug":"las-emociones-negativas","status":"publish","type":"post","link":"https:\/\/ifbb-academy.com\/es\/las-emociones-negativas\/","title":{"rendered":"Las emociones negativas"},"content":{"rendered":"<div class=\"fusion-fullwidth fullwidth-box fusion-builder-row-1 fusion-flex-container has-pattern-background has-mask-background nonhundred-percent-fullwidth non-hundred-percent-height-scrolling\" style=\"--awb-border-radius-top-left:0px;--awb-border-radius-top-right:0px;--awb-border-radius-bottom-right:0px;--awb-border-radius-bottom-left:0px;--awb-flex-wrap:wrap;\" ><div class=\"fusion-builder-row fusion-row fusion-flex-align-items-center fusion-flex-justify-content-center fusion-flex-content-wrap\" style=\"max-width:1331.2px;margin-left: calc(-4% \/ 2 );margin-right: calc(-4% \/ 2 );\"><div class=\"fusion-layout-column fusion_builder_column fusion-builder-column-0 fusion_builder_column_1_1 1_1 fusion-flex-column\" style=\"--awb-bg-size:cover;--awb-width-large:100%;--awb-margin-top-large:10px;--awb-spacing-right-large:1.92%;--awb-margin-bottom-large:10px;--awb-spacing-left-large:1.92%;--awb-width-medium:100%;--awb-order-medium:0;--awb-spacing-right-medium:1.92%;--awb-spacing-left-medium:1.92%;--awb-width-small:100%;--awb-order-small:0;--awb-spacing-right-small:1.92%;--awb-spacing-left-small:1.92%;\"><div class=\"fusion-column-wrapper fusion-column-has-shadow fusion-flex-justify-content-flex-start fusion-content-layout-column\"><div class=\"fusion-title title fusion-title-1 sep-underline sep-solid fusion-title-text fusion-title-size-two\" style=\"--awb-margin-top-small:0px;--awb-margin-right-small:0px;--awb-margin-bottom-small:20px;--awb-margin-left-small:0px;\"><h2 class=\"fusion-title-heading title-heading-left fusion-responsive-typography-calculated\" style=\"margin:0;--fontSize:34;line-height:1.47;\">Las Emociones Negativas<\/h2><\/div><\/div><\/div><div class=\"fusion-layout-column fusion_builder_column fusion-builder-column-1 fusion_builder_column_2_3 2_3 fusion-flex-column\" style=\"--awb-bg-size:cover;--awb-width-large:66.666666666667%;--awb-margin-top-large:10px;--awb-spacing-right-large:2.88%;--awb-margin-bottom-large:10px;--awb-spacing-left-large:2.88%;--awb-width-medium:100%;--awb-order-medium:0;--awb-spacing-right-medium:1.92%;--awb-spacing-left-medium:1.92%;--awb-width-small:100%;--awb-order-small:0;--awb-spacing-right-small:1.92%;--awb-spacing-left-small:1.92%;\"><div class=\"fusion-column-wrapper fusion-column-has-shadow fusion-flex-justify-content-flex-start fusion-content-layout-column\"><div class=\"fusion-text fusion-text-1\" style=\"--awb-text-color:#000000;\"><p><strong>Todos hemos sentido emociones negativas: celos, envidia, rencor, etc. El malestar que generan las emociones negativas es moment\u00e1neo, pero los esquemas de pensamiento que las han generado tienden a ser permanentes, por no hablar del da\u00f1o que nos hacemos a nosotros mismos y a otras personas.<\/strong><\/p>\n<\/div><\/div><\/div><div class=\"fusion-layout-column fusion_builder_column fusion-builder-column-2 fusion_builder_column_1_1 1_1 fusion-flex-column\" style=\"--awb-bg-size:cover;--awb-width-large:100%;--awb-margin-top-large:10px;--awb-spacing-right-large:1.92%;--awb-margin-bottom-large:10px;--awb-spacing-left-large:1.92%;--awb-width-medium:100%;--awb-order-medium:0;--awb-spacing-right-medium:1.92%;--awb-spacing-left-medium:1.92%;--awb-width-small:100%;--awb-order-small:0;--awb-spacing-right-small:1.92%;--awb-spacing-left-small:1.92%;\"><div class=\"fusion-column-wrapper fusion-column-has-shadow fusion-flex-justify-content-flex-start fusion-content-layout-column\"><div class=\"fusion-text fusion-text-2\"><p>Si no ponemos nuestro empe\u00f1o para modificar estos esquemas de pensamiento, seguiremos generando las mismas situaciones durante mucho tiempo. Tener emociones negativas en nuestra vida, implica la falta de elecciones de comportamiento adecuadas y la presencia de esquemas mentales limitados. Las emociones negativas son obst\u00e1culos en la v\u00eda de nuestra auto-realizaci\u00f3n y de nuestro bienestar.<\/p>\n<\/div><div class=\"fusion-builder-row fusion-builder-row-inner fusion-row fusion-flex-align-items-center fusion-flex-justify-content-center fusion-flex-content-wrap\" style=\"--awb-flex-grow:0;--awb-flex-grow-medium:0;--awb-flex-grow-small:0;--awb-flex-shrink:0;--awb-flex-shrink-medium:0;--awb-flex-shrink-small:0;width:104% !important;max-width:104% !important;margin-left: calc(-4% \/ 2 );margin-right: calc(-4% \/ 2 );\"><div class=\"fusion-layout-column fusion_builder_column_inner fusion-builder-nested-column-0 fusion_builder_column_inner_1_2 1_2 fusion-flex-column\" style=\"--awb-bg-size:cover;--awb-width-large:50%;--awb-margin-top-large:10px;--awb-spacing-right-large:3.84%;--awb-margin-bottom-large:10px;--awb-spacing-left-large:3.84%;--awb-width-medium:100%;--awb-order-medium:0;--awb-spacing-right-medium:1.92%;--awb-spacing-left-medium:1.92%;--awb-width-small:100%;--awb-order-small:0;--awb-spacing-right-small:1.92%;--awb-spacing-left-small:1.92%;\"><div class=\"fusion-column-wrapper fusion-column-has-shadow fusion-flex-justify-content-flex-start fusion-content-layout-column\"><div style=\"text-align:left;\"><a class=\"fusion-button button-flat button-large button-custom fusion-button-default button-1 fusion-button-default-span fusion-button-default-type\" style=\"--button_accent_color:#ffffff;--button_accent_hover_color:#ffffff;--button_border_hover_color:#ffffff;--button_gradient_top_color:#a00000;--button_gradient_bottom_color:#a00000;--button_gradient_top_color_hover:#464d5f;--button_gradient_bottom_color_hover:#464d5f;width:calc(100%);\" target=\"_self\"><span class=\"fusion-button-text awb-button__text awb-button__text--default\">LAS EMOCIONES  NEGATIVAS   DESCUBREN  TUS L\u00cdMITES<\/span><\/a><\/div><\/div><\/div><div class=\"fusion-layout-column fusion_builder_column_inner fusion-builder-nested-column-1 fusion_builder_column_inner_1_2 1_2 fusion-flex-column\" style=\"--awb-bg-size:cover;--awb-width-large:50%;--awb-margin-top-large:10px;--awb-spacing-right-large:3.84%;--awb-margin-bottom-large:10px;--awb-spacing-left-large:3.84%;--awb-width-medium:100%;--awb-order-medium:0;--awb-spacing-right-medium:1.92%;--awb-spacing-left-medium:1.92%;--awb-width-small:100%;--awb-order-small:0;--awb-spacing-right-small:1.92%;--awb-spacing-left-small:1.92%;\"><div class=\"fusion-column-wrapper fusion-column-has-shadow fusion-flex-justify-content-flex-start fusion-content-layout-column\"><\/div><\/div><\/div><div class=\"fusion-text fusion-text-3\"><p>Comprendiendo nuestras emociones negativas ,ampliamos nuestras elecciones de comportamiento y los horizontes de nuestro ser, comprendi\u00e9ndonos mejor a nosotros mismos.<\/p>\n<p>La clave para poder vencer nuestras emociones negativas es no justificarlas.<\/p>\n<p>Quien justifica los propios errores no puede cambiar. Las principales emociones negativas son:<\/p>\n<p>&nbsp;<\/p>\n<ul>\n<li><strong>La rabia:<\/strong> La rabia es un sentimiento que se origina cuando percibimos y creemos\u00a0 que hay alguna injusticia hacia nosotros o hacia los dem\u00e1s. Cuando vemos o pensamos que alguien nos arrebata algo, nos priva de algo o nos limita en algo.<\/li>\n<li><strong>El rencor:\u00a0<\/strong>El rencor es rabia no expresada, es una forma de agresividad sin ataques directos. Es una emoci\u00f3n negativa, conlleva malestar y suele enfermarnos.<\/li>\n<li><strong>La envidia: <\/strong>Es el sentimiento que nos genera el ver que otro posee lo que nosotros no podemos tener. Sean cualidades , bienes, actitudes o \u00e9xitos.<\/li>\n<li><strong>Los celos:\u00a0<\/strong>Es un desequilibrio emocional donde una persona percibe la amenaza o siente la posibilidad de p\u00e9rdida, hacia algo que considera propio.<\/li>\n<\/ul>\n<\/div><div class=\"fusion-image-element \" style=\"text-align:center;--awb-caption-title-font-family:var(--h2_typography-font-family);--awb-caption-title-font-weight:var(--h2_typography-font-weight);--awb-caption-title-font-style:var(--h2_typography-font-style);--awb-caption-title-size:var(--h2_typography-font-size);--awb-caption-title-transform:var(--h2_typography-text-transform);--awb-caption-title-line-height:var(--h2_typography-line-height);--awb-caption-title-letter-spacing:var(--h2_typography-letter-spacing);\"><span class=\" fusion-imageframe imageframe-none imageframe-1 hover-type-none\"><img decoding=\"async\" width=\"600\" height=\"400\" title=\"blog-emciones-negativas-2023\" src=\"https:\/\/ifbb-academy.com\/wp-content\/uploads\/2023\/03\/blog-emciones-negativas-2023-600x400.jpg\" alt class=\"img-responsive wp-image-8232\" srcset=\"https:\/\/ifbb-academy.com\/wp-content\/uploads\/2023\/03\/blog-emciones-negativas-2023-200x133.jpg 200w, https:\/\/ifbb-academy.com\/wp-content\/uploads\/2023\/03\/blog-emciones-negativas-2023-400x267.jpg 400w, https:\/\/ifbb-academy.com\/wp-content\/uploads\/2023\/03\/blog-emciones-negativas-2023-600x400.jpg 600w, https:\/\/ifbb-academy.com\/wp-content\/uploads\/2023\/03\/blog-emciones-negativas-2023-800x533.jpg 800w, https:\/\/ifbb-academy.com\/wp-content\/uploads\/2023\/03\/blog-emciones-negativas-2023.jpg 900w\" sizes=\"(max-width: 1024px) 100vw, (max-width: 640px) 100vw, 600px\" \/><\/span><\/div><div class=\"fusion-text fusion-text-4\"><p>Podemos comprender que no podemos vivir con rabia, asumiendo hechos y analiz\u00e1ndolos. Tratando de entender y empatizar con las situaciones que nos generan ese malestar.<\/p>\n<p>Evitando la rabia, eliminar\u00edamos el rencor y la agresividad; la conducta agresiva por no entender qu\u00e9 gener\u00f3 ese dolor o ese sentimiento.<\/p>\n<p>Sentir envidia es no asumir nuestras limitaciones, es no comprender qu\u00e9 podemos mejorar y qu\u00e9 podemos evolucionar. Es mejor aplicar ese sentimiento en nuestro favor tratando de poner frente a nosotros lo que podemos hacer para superarnos.<\/p>\n<p>Tener un buen equilibrio emocional, conociendo nuestros sentimientos y tratando de gestionarlos adecuadamente, puede evitar da\u00f1ar a otras personas cercanas.<\/p>\n<p>Al final, debemos comprender que somos humanos y generamos sentimientos para justificar nuestras limitaciones. Si fu\u00e9ramos capaces de empatizar con nosotros mismos, comprendi\u00e9ndonos mejor, no habr\u00eda posibilidad alguna de tener ning\u00fan sentimiento malo por nada ni por nadie.<\/p>\n<p>La pregunta es: \u00bfest\u00e1s dispuesto a ser mejor persona?<\/p>\n<\/div><\/div><\/div><\/div><\/div>\n","protected":false},"excerpt":{"rendered":"","protected":false},"author":7373,"featured_media":8232,"comment_status":"open","ping_status":"open","sticky":false,"template":"","format":"standard","meta":{"footnotes":""},"categories":[78],"tags":[],"class_list":["post-8235","post","type-post","status-publish","format-standard","has-post-thumbnail","hentry","category-estilo-de-vida"],"publishpress_future_action":{"enabled":false,"date":"2026-05-07 12:58:48","action":"change-status","newStatus":"draft","terms":[],"taxonomy":"category","extraData":[]},"publishpress_future_workflow_manual_trigger":{"enabledWorkflows":[]},"_links":{"self":[{"href":"https:\/\/ifbb-academy.com\/es\/wp-json\/wp\/v2\/posts\/8235","targetHints":{"allow":["GET"]}}],"collection":[{"href":"https:\/\/ifbb-academy.com\/es\/wp-json\/wp\/v2\/posts"}],"about":[{"href":"https:\/\/ifbb-academy.com\/es\/wp-json\/wp\/v2\/types\/post"}],"author":[{"embeddable":true,"href":"https:\/\/ifbb-academy.com\/es\/wp-json\/wp\/v2\/users\/7373"}],"replies":[{"embeddable":true,"href":"https:\/\/ifbb-academy.com\/es\/wp-json\/wp\/v2\/comments?post=8235"}],"version-history":[{"count":5,"href":"https:\/\/ifbb-academy.com\/es\/wp-json\/wp\/v2\/posts\/8235\/revisions"}],"predecessor-version":[{"id":8240,"href":"https:\/\/ifbb-academy.com\/es\/wp-json\/wp\/v2\/posts\/8235\/revisions\/8240"}],"wp:featuredmedia":[{"embeddable":true,"href":"https:\/\/ifbb-academy.com\/es\/wp-json\/wp\/v2\/media\/8232"}],"wp:attachment":[{"href":"https:\/\/ifbb-academy.com\/es\/wp-json\/wp\/v2\/media?parent=8235"}],"wp:term":[{"taxonomy":"category","embeddable":true,"href":"https:\/\/ifbb-academy.com\/es\/wp-json\/wp\/v2\/categories?post=8235"},{"taxonomy":"post_tag","embeddable":true,"href":"https:\/\/ifbb-academy.com\/es\/wp-json\/wp\/v2\/tags?post=8235"}],"curies":[{"name":"wp","href":"https:\/\/api.w.org\/{rel}","templated":true}]}}